{"id":3338,"date":"2018-03-20T19:55:19","date_gmt":"2018-03-20T18:55:19","guid":{"rendered":"https:\/\/brukssanger.se\/?p=3338"},"modified":"2022-06-30T11:12:53","modified_gmt":"2022-06-30T09:12:53","slug":"som-humlan","status":"publish","type":"post","link":"https:\/\/brukssanger.se\/index.php\/2018\/03\/20\/som-humlan\/","title":{"rendered":"Som humlan"},"content":{"rendered":"Du m\u00e5ste vara inloggad f\u00f6r att visa detta inneh\u00e5ll.","protected":false},"excerpt":{"rendered":"Du m\u00e5ste vara inloggad f\u00f6r att visa detta inneh\u00e5ll.","protected":false},"author":56,"featured_media":0,"comment_status":"closed","ping_status":"closed","sticky":false,"template":"","format":"standard","meta":{"footnotes":""},"categories":[6,45,44,24,29],"tags":[142,149,69,172,159],"class_list":["post-3338","post","type-post","status-publish","format-standard","hentry","category-allasanger","category-hallbarhet","category-hopp","category-sommar","category-tacksamhet","tag-fjarde-sondagen-i-pask","tag-heliga-trefaldighets-dag-eller-missionsdagen","tag-korarrangemang","tag-midsommardagen","tag-nittonde-sondagen-efter-trefaldighet","clearfix"],"_links":{"self":[{"href":"https:\/\/brukssanger.se\/index.php\/wp-json\/wp\/v2\/posts\/3338","targetHints":{"allow":["GET"]}}],"collection":[{"href":"https:\/\/brukssanger.se\/index.php\/wp-json\/wp\/v2\/posts"}],"about":[{"href":"https:\/\/brukssanger.se\/index.php\/wp-json\/wp\/v2\/types\/post"}],"author":[{"embeddable":true,"href":"https:\/\/brukssanger.se\/index.php\/wp-json\/wp\/v2\/users\/56"}],"replies":[{"embeddable":true,"href":"https:\/\/brukssanger.se\/index.php\/wp-json\/wp\/v2\/comments?post=3338"}],"version-history":[{"count":10,"href":"https:\/\/brukssanger.se\/index.php\/wp-json\/wp\/v2\/posts\/3338\/revisions"}],"predecessor-version":[{"id":5883,"href":"https:\/\/brukssanger.se\/index.php\/wp-json\/wp\/v2\/posts\/3338\/revisions\/5883"}],"wp:attachment":[{"href":"https:\/\/brukssanger.se\/index.php\/wp-json\/wp\/v2\/media?parent=3338"}],"wp:term":[{"taxonomy":"category","embeddable":true,"href":"https:\/\/brukssanger.se\/index.php\/wp-json\/wp\/v2\/categories?post=3338"},{"taxonomy":"post_tag","embeddable":true,"href":"https:\/\/brukssanger.se\/index.php\/wp-json\/wp\/v2\/tags?post=3338"}],"curies":[{"name":"wp","href":"https:\/\/api.w.org\/{rel}","templated":true}]}}