{"id":1512,"date":"2017-08-23T00:21:45","date_gmt":"2017-08-22T22:21:45","guid":{"rendered":"http:\/\/brukssanger.se\/nya\/?p=1512"},"modified":"2019-05-17T09:56:35","modified_gmt":"2019-05-17T07:56:35","slug":"ingen","status":"publish","type":"post","link":"https:\/\/brukssanger.se\/index.php\/2017\/08\/23\/ingen\/","title":{"rendered":"Ingen"},"content":{"rendered":"Du m\u00e5ste vara inloggad f\u00f6r att visa detta inneh\u00e5ll.","protected":false},"excerpt":{"rendered":"Du m\u00e5ste vara inloggad f\u00f6r att visa detta inneh\u00e5ll.","protected":false},"author":2,"featured_media":0,"comment_status":"open","ping_status":"open","sticky":false,"template":"","format":"standard","meta":{"footnotes":""},"categories":[6,32,61,43,54],"tags":[112,155,158,153,154,161],"class_list":["post-1512","post","type-post","status-publish","format-standard","hentry","category-allasanger","category-delande","category-karlek","category-medmansklighet","category-nadochforlatelse","tag-artonde-sondagen-i-trefaldighet","tag-attonde-sondagen-efter-trefaldighet","tag-elfte-sondagen-efter-trefaldighet","tag-fjarde-sondagen-efter-trefaldighet","tag-sjatte-sondagen-efter-trefaldighet","tag-tjugoforsta-sondagen-efter-trefaldighet","clearfix"],"_links":{"self":[{"href":"https:\/\/brukssanger.se\/index.php\/wp-json\/wp\/v2\/posts\/1512","targetHints":{"allow":["GET"]}}],"collection":[{"href":"https:\/\/brukssanger.se\/index.php\/wp-json\/wp\/v2\/posts"}],"about":[{"href":"https:\/\/brukssanger.se\/index.php\/wp-json\/wp\/v2\/types\/post"}],"author":[{"embeddable":true,"href":"https:\/\/brukssanger.se\/index.php\/wp-json\/wp\/v2\/users\/2"}],"replies":[{"embeddable":true,"href":"https:\/\/brukssanger.se\/index.php\/wp-json\/wp\/v2\/comments?post=1512"}],"version-history":[{"count":4,"href":"https:\/\/brukssanger.se\/index.php\/wp-json\/wp\/v2\/posts\/1512\/revisions"}],"predecessor-version":[{"id":2956,"href":"https:\/\/brukssanger.se\/index.php\/wp-json\/wp\/v2\/posts\/1512\/revisions\/2956"}],"wp:attachment":[{"href":"https:\/\/brukssanger.se\/index.php\/wp-json\/wp\/v2\/media?parent=1512"}],"wp:term":[{"taxonomy":"category","embeddable":true,"href":"https:\/\/brukssanger.se\/index.php\/wp-json\/wp\/v2\/categories?post=1512"},{"taxonomy":"post_tag","embeddable":true,"href":"https:\/\/brukssanger.se\/index.php\/wp-json\/wp\/v2\/tags?post=1512"}],"curies":[{"name":"wp","href":"https:\/\/api.w.org\/{rel}","templated":true}]}}